{"id":18970,"date":"2025-11-23T14:13:17","date_gmt":"2025-11-23T13:13:17","guid":{"rendered":"https:\/\/fravi-hotel.ch\/?p=18970"},"modified":"2026-02-28T10:30:18","modified_gmt":"2026-02-28T09:30:18","slug":"settimana-del-benessere-2026","status":"publish","type":"post","link":"https:\/\/fravi-hotel.ch\/it\/2025\/11\/settimana-del-benessere-2026\/","title":{"rendered":"Settimana del benessere 2026"},"content":{"rendered":"\n<h4 class=\"wp-block-heading\" id=\"h-tutto-l-anno-2-gennaio-6-dicembre-2026\"><strong>Tutto l&#8217;anno (2 gennaio &#8211; 6 dicembre 2026)*<\/strong><\/h4>\n\n\n\n<ul class=\"wp-block-list\">\n<li>Aperitivo di benvenuto<\/li>\n\n\n\n<li>Ingresso giornaliero ai bagni termali di Andeer e all&#8217;area saune<\/li>\n\n\n\n<li>Carta vacanze AutoPostale di 2 giorni per la regione Coira &#8211; Bellinzona<\/li>\n\n\n\n<li>Acquagym nel bagno minerale: luned\u00ec, mercoled\u00ec e venerd\u00ec 25 min. ciascuno<\/li>\n\n\n\n<li>1 massagio classico da 25 min.<\/li>\n\n\n\n<li>1 meranda sfizioa giornaliera al ristorante<\/li>\n\n\n\n<li>1 piatto di frutta in camera<\/li>\n<\/ul>\n\n\n\n<p><\/p>\n\n\n\n<p><strong><strong>7&nbsp;pernottamenti, mezza pensione compresa<\/strong><\/strong><\/p>\n\n\n\n<div class=\"wp-block-columns packages-preise is-layout-flex wp-container-core-columns-is-layout-9d6595d7 wp-block-columns-is-layout-flex\">\n<div class=\"wp-block-column is-layout-flow wp-block-column-is-layout-flow\" style=\"flex-basis:55%\">\n<p>Camera doppia a persona<\/p>\n<\/div>\n\n\n\n<div class=\"wp-block-column is-layout-flow wp-block-column-is-layout-flow\">\n<p>CHF 1&#8217;690<\/p>\n<\/div>\n<\/div>\n\n\n\n<div class=\"wp-block-columns packages-preise is-layout-flex wp-container-core-columns-is-layout-9d6595d7 wp-block-columns-is-layout-flex\">\n<div class=\"wp-block-column is-layout-flow wp-block-column-is-layout-flow\" style=\"flex-basis:55%\">\n<p>Junior suite a persona<\/p>\n<\/div>\n\n\n\n<div class=\"wp-block-column is-layout-flow wp-block-column-is-layout-flow\">\n<p>CHF 1&#8217;730<\/p>\n<\/div>\n<\/div>\n\n\n\n<div class=\"wp-block-columns packages-preise is-layout-flex wp-container-core-columns-is-layout-9d6595d7 wp-block-columns-is-layout-flex\">\n<div class=\"wp-block-column is-layout-flow wp-block-column-is-layout-flow\" style=\"flex-basis:55%\">\n<p>Camera singola<\/p>\n\n\n\n<p><\/p>\n<\/div>\n\n\n\n<div class=\"wp-block-column is-layout-flow wp-block-column-is-layout-flow\">\n<p>CHF 1&#8217;730<\/p>\n<\/div>\n<\/div>\n\n\n\n<p><strong>*in base alla disponibilit\u00e0, esclusi i giorni festivi<\/strong><\/p>\n\n\n\n<div style=\"height:20px\" aria-hidden=\"true\" class=\"wp-block-spacer\"><\/div>\n\n\n\n<div class=\"wp-block-stackable-button-group stk-block-button-group stk-block stk-87eb370\" data-block-id=\"87eb370\"><div class=\"stk-row stk-inner-blocks stk-block-content stk-button-group\">\n<div class=\"wp-block-stackable-button stk-block-button stk-block stk-95c98ce\" data-block-id=\"95c98ce\"><a class=\"stk-link stk-button stk--hover-effect-darken\" href=\"https:\/\/www.simplebooking.it\/ibe2\/hotel\/7319\/package\/73100?hid=7319&amp;lang=IT&amp;cur=CHF\" target=\"_blank\" rel=\"noreferrer noopener\"><span class=\"stk-button__inner-text\">Prenotazione<\/span><\/a><\/div>\n<\/div><\/div>\n","protected":false},"excerpt":{"rendered":"<p>Tutto l&#8217;anno (2 gennaio &#8211; 6 dicembre 2026)* 7&nbsp;pernottamenti, mezza pensione compresa Camera doppia a persona CHF 1&#8217;690 Junior suite a persona &#8230; <\/p>\n<p class=\"read-more-container\"><a title=\"Settimana del benessere 2026\" class=\"read-more button\" href=\"https:\/\/fravi-hotel.ch\/it\/2025\/11\/settimana-del-benessere-2026\/#more-18970\" aria-label=\"Per saperne di pi\u00f9 su Settimana del benessere 2026\">weiterlesen<\/a><\/p>\n","protected":false},"author":2,"featured_media":19047,"comment_status":"closed","ping_status":"closed","sticky":false,"template":"","format":"standard","meta":{"inline_featured_image":false,"_uag_custom_page_level_css":"","footnotes":""},"categories":[76],"tags":[],"class_list":["post-18970","post","type-post","status-publish","format-standard","has-post-thumbnail","hentry","category-packages-it"],"featured_image_urls_v2":{"full":["https:\/\/fravi-hotel.ch\/wp-content\/uploads\/2025\/11\/Wohlfuehlwoche-2026.jpg",800,530,false],"thumbnail":["https:\/\/fravi-hotel.ch\/wp-content\/uploads\/2025\/11\/Wohlfuehlwoche-2026-200x150.jpg",200,150,true],"medium":["https:\/\/fravi-hotel.ch\/wp-content\/uploads\/2025\/11\/Wohlfuehlwoche-2026-400x265.jpg",400,265,true],"medium_large":["https:\/\/fravi-hotel.ch\/wp-content\/uploads\/2025\/11\/Wohlfuehlwoche-2026-768x509.jpg",768,509,true],"large":["https:\/\/fravi-hotel.ch\/wp-content\/uploads\/2025\/11\/Wohlfuehlwoche-2026.jpg",800,530,false],"1536x1536":["https:\/\/fravi-hotel.ch\/wp-content\/uploads\/2025\/11\/Wohlfuehlwoche-2026.jpg",800,530,false],"2048x2048":["https:\/\/fravi-hotel.ch\/wp-content\/uploads\/2025\/11\/Wohlfuehlwoche-2026.jpg",800,530,false]},"post_excerpt_stackable_v2":"<p>Tutto l&#8217;anno (2 gennaio &#8211; 6 dicembre 2026)* Aperitivo di benvenuto Ingresso giornaliero ai bagni termali di Andeer e all&#8217;area saune Carta vacanze AutoPostale di 2 giorni per la regione Coira &#8211; Bellinzona Acquagym nel bagno minerale: luned\u00ec, mercoled\u00ec e venerd\u00ec 25 min. ciascuno 1 massagio classico da 25 min. 1 meranda sfizioa giornaliera al ristorante 1 piatto di frutta in camera 7&nbsp;pernottamenti, mezza pensione compresa Camera doppia a persona CHF 1&#8217;690 Junior suite a persona CHF 1&#8217;730 Camera singola CHF 1&#8217;730 *in base alla disponibilit\u00e0, esclusi i giorni festivi Prenotazione<\/p>\n","category_list_v2":"<a href=\"https:\/\/fravi-hotel.ch\/it\/category\/packages-it\/\" rel=\"category tag\">Packages<\/a>","author_info_v2":{"name":"Gondini A. Fravi","url":"https:\/\/fravi-hotel.ch\/it\/author\/g-fravi\/"},"comments_num_v2":"0 commenti","yoast_head":"<!-- This site is optimized with the Yoast SEO Premium plugin v27.2 (Yoast SEO v27.2) - https:\/\/yoast.com\/product\/yoast-seo-premium-wordpress\/ -->\n<title>Settimana del benessere 2026 | Hotel Fravi Andeer GR<\/title>\n<meta name=\"robots\" content=\"index, follow, max-snippet:-1, max-image-preview:large, max-video-preview:-1\" \/>\n<link rel=\"canonical\" href=\"https:\/\/fravi-hotel.ch\/it\/2025\/11\/settimana-del-benessere-2026\/\" \/>\n<meta property=\"og:locale\" content=\"it_IT\" \/>\n<meta property=\"og:type\" content=\"article\" \/>\n<meta property=\"og:title\" content=\"Settimana del benessere 2026\" \/>\n<meta property=\"og:description\" content=\"Tutto l&#8217;anno (2 gennaio &#8211; 6 dicembre 2026)* 7&nbsp;pernottamenti, mezza pensione compresa Camera doppia a persona CHF 1&#8217;690 Junior suite a persona ... weiterlesen\" \/>\n<meta property=\"og:url\" content=\"https:\/\/fravi-hotel.ch\/it\/2025\/11\/settimana-del-benessere-2026\/\" \/>\n<meta property=\"og:site_name\" content=\"Hotel Fravi Andeer GR\" \/>\n<meta property=\"article:publisher\" content=\"https:\/\/www.facebook.com\/hotelfravi\" \/>\n<meta property=\"article:published_time\" content=\"2025-11-23T13:13:17+00:00\" \/>\n<meta property=\"article:modified_time\" content=\"2026-02-28T09:30:18+00:00\" \/>\n<meta property=\"og:image\" content=\"https:\/\/fravi-hotel.ch\/wp-content\/uploads\/2025\/11\/Wohlfuehlwoche-2026.jpg\" \/>\n\t<meta property=\"og:image:width\" content=\"800\" \/>\n\t<meta property=\"og:image:height\" content=\"530\" \/>\n\t<meta property=\"og:image:type\" content=\"image\/jpeg\" \/>\n<meta name=\"author\" content=\"Gondini A. Fravi\" \/>\n<meta name=\"twitter:card\" content=\"summary_large_image\" \/>\n<meta name=\"twitter:label1\" content=\"Scritto da\" \/>\n\t<meta name=\"twitter:data1\" content=\"Gondini A. Fravi\" \/>\n\t<meta name=\"twitter:label2\" content=\"Tempo di lettura stimato\" \/>\n\t<meta name=\"twitter:data2\" content=\"1 minuto\" \/>\n<script type=\"application\/ld+json\" class=\"yoast-schema-graph\">{\"@context\":\"https:\/\/schema.org\",\"@graph\":[{\"@type\":\"Article\",\"@id\":\"https:\/\/fravi-hotel.ch\/it\/2025\/11\/settimana-del-benessere-2026\/#article\",\"isPartOf\":{\"@id\":\"https:\/\/fravi-hotel.ch\/it\/2025\/11\/settimana-del-benessere-2026\/\"},\"author\":{\"name\":\"Gondini A. Fravi\",\"@id\":\"https:\/\/fravi-hotel.ch\/it\/#\/schema\/person\/5d47479437b2e98389c50ad2d0bb94a9\"},\"headline\":\"Settimana del benessere 2026\",\"datePublished\":\"2025-11-23T13:13:17+00:00\",\"dateModified\":\"2026-02-28T09:30:18+00:00\",\"mainEntityOfPage\":{\"@id\":\"https:\/\/fravi-hotel.ch\/it\/2025\/11\/settimana-del-benessere-2026\/\"},\"wordCount\":85,\"publisher\":{\"@id\":\"https:\/\/fravi-hotel.ch\/it\/#organization\"},\"image\":{\"@id\":\"https:\/\/fravi-hotel.ch\/it\/2025\/11\/settimana-del-benessere-2026\/#primaryimage\"},\"thumbnailUrl\":\"https:\/\/fravi-hotel.ch\/wp-content\/uploads\/2025\/11\/Wohlfuehlwoche-2026.jpg\",\"articleSection\":[\"Packages\"],\"inLanguage\":\"it-IT\",\"copyrightYear\":\"2025\",\"copyrightHolder\":{\"@id\":\"https:\/\/fravi-hotel.ch\/#organization\"}},{\"@type\":\"WebPage\",\"@id\":\"https:\/\/fravi-hotel.ch\/it\/2025\/11\/settimana-del-benessere-2026\/\",\"url\":\"https:\/\/fravi-hotel.ch\/it\/2025\/11\/settimana-del-benessere-2026\/\",\"name\":\"Settimana del benessere 2026 | Hotel Fravi Andeer GR\",\"isPartOf\":{\"@id\":\"https:\/\/fravi-hotel.ch\/it\/#website\"},\"primaryImageOfPage\":{\"@id\":\"https:\/\/fravi-hotel.ch\/it\/2025\/11\/settimana-del-benessere-2026\/#primaryimage\"},\"image\":{\"@id\":\"https:\/\/fravi-hotel.ch\/it\/2025\/11\/settimana-del-benessere-2026\/#primaryimage\"},\"thumbnailUrl\":\"https:\/\/fravi-hotel.ch\/wp-content\/uploads\/2025\/11\/Wohlfuehlwoche-2026.jpg\",\"datePublished\":\"2025-11-23T13:13:17+00:00\",\"dateModified\":\"2026-02-28T09:30:18+00:00\",\"breadcrumb\":{\"@id\":\"https:\/\/fravi-hotel.ch\/it\/2025\/11\/settimana-del-benessere-2026\/#breadcrumb\"},\"inLanguage\":\"it-IT\",\"potentialAction\":[{\"@type\":\"ReadAction\",\"target\":[\"https:\/\/fravi-hotel.ch\/it\/2025\/11\/settimana-del-benessere-2026\/\"]}]},{\"@type\":\"ImageObject\",\"inLanguage\":\"it-IT\",\"@id\":\"https:\/\/fravi-hotel.ch\/it\/2025\/11\/settimana-del-benessere-2026\/#primaryimage\",\"url\":\"https:\/\/fravi-hotel.ch\/wp-content\/uploads\/2025\/11\/Wohlfuehlwoche-2026.jpg\",\"contentUrl\":\"https:\/\/fravi-hotel.ch\/wp-content\/uploads\/2025\/11\/Wohlfuehlwoche-2026.jpg\",\"width\":800,\"height\":530},{\"@type\":\"BreadcrumbList\",\"@id\":\"https:\/\/fravi-hotel.ch\/it\/2025\/11\/settimana-del-benessere-2026\/#breadcrumb\",\"itemListElement\":[{\"@type\":\"ListItem\",\"position\":1,\"name\":\"Start\",\"item\":\"https:\/\/fravi-hotel.ch\/it\/hotel-fravi\/\"},{\"@type\":\"ListItem\",\"position\":2,\"name\":\"Settimana del benessere 2026\"}]},{\"@type\":\"WebSite\",\"@id\":\"https:\/\/fravi-hotel.ch\/it\/#website\",\"url\":\"https:\/\/fravi-hotel.ch\/it\/\",\"name\":\"Hotel Fravi, Andeer\",\"description\":\"Bade-, Kur- &amp; Ferienhotel Andeer\",\"publisher\":{\"@id\":\"https:\/\/fravi-hotel.ch\/it\/#organization\"},\"alternateName\":\"Hotel Fravi\",\"potentialAction\":[{\"@type\":\"SearchAction\",\"target\":{\"@type\":\"EntryPoint\",\"urlTemplate\":\"https:\/\/fravi-hotel.ch\/it\/?s={search_term_string}\"},\"query-input\":{\"@type\":\"PropertyValueSpecification\",\"valueRequired\":true,\"valueName\":\"search_term_string\"}}],\"inLanguage\":\"it-IT\"},{\"@type\":[\"Organization\",\"Place\"],\"@id\":\"https:\/\/fravi-hotel.ch\/it\/#organization\",\"name\":\"Hotel Fravi, Andeer\",\"alternateName\":\"Hotel Fravi\",\"url\":\"https:\/\/fravi-hotel.ch\/it\/\",\"logo\":{\"@id\":\"https:\/\/fravi-hotel.ch\/it\/2025\/11\/settimana-del-benessere-2026\/#local-main-organization-logo\"},\"image\":{\"@id\":\"https:\/\/fravi-hotel.ch\/it\/2025\/11\/settimana-del-benessere-2026\/#local-main-organization-logo\"},\"sameAs\":[\"https:\/\/www.facebook.com\/hotelfravi\",\"https:\/\/www.instagram.com\/hotel_fravi\/#\"],\"telephone\":[],\"openingHoursSpecification\":[{\"@type\":\"OpeningHoursSpecification\",\"dayOfWeek\":[\"Monday\",\"Tuesday\",\"Wednesday\",\"Thursday\",\"Friday\",\"Saturday\",\"Sunday\"],\"opens\":\"09:00\",\"closes\":\"17:00\"}]},{\"@type\":\"Person\",\"@id\":\"https:\/\/fravi-hotel.ch\/it\/#\/schema\/person\/5d47479437b2e98389c50ad2d0bb94a9\",\"name\":\"Gondini A. Fravi\",\"image\":{\"@type\":\"ImageObject\",\"inLanguage\":\"it-IT\",\"@id\":\"https:\/\/secure.gravatar.com\/avatar\/c401896fc625f4102834e25d20fc013aace89d980e098f7d1a4e5bf2e7b65aad?s=96&d=mm&r=g\",\"url\":\"https:\/\/secure.gravatar.com\/avatar\/c401896fc625f4102834e25d20fc013aace89d980e098f7d1a4e5bf2e7b65aad?s=96&d=mm&r=g\",\"contentUrl\":\"https:\/\/secure.gravatar.com\/avatar\/c401896fc625f4102834e25d20fc013aace89d980e098f7d1a4e5bf2e7b65aad?s=96&d=mm&r=g\",\"caption\":\"Gondini A. Fravi\"},\"url\":\"https:\/\/fravi-hotel.ch\/it\/author\/g-fravi\/\"},{\"@type\":\"ImageObject\",\"inLanguage\":\"it-IT\",\"@id\":\"https:\/\/fravi-hotel.ch\/it\/2025\/11\/settimana-del-benessere-2026\/#local-main-organization-logo\",\"url\":\"https:\/\/fravi-hotel.ch\/wp-content\/uploads\/2020\/05\/logo_hotel-fravi.png\",\"contentUrl\":\"https:\/\/fravi-hotel.ch\/wp-content\/uploads\/2020\/05\/logo_hotel-fravi.png\",\"width\":542,\"height\":360,\"caption\":\"Hotel Fravi, Andeer\"}]}<\/script>\n<!-- \/ Yoast SEO Premium plugin. -->","yoast_head_json":{"title":"Settimana del benessere 2026 | Hotel Fravi Andeer GR","robots":{"index":"index","follow":"follow","max-snippet":"max-snippet:-1","max-image-preview":"max-image-preview:large","max-video-preview":"max-video-preview:-1"},"canonical":"https:\/\/fravi-hotel.ch\/it\/2025\/11\/settimana-del-benessere-2026\/","og_locale":"it_IT","og_type":"article","og_title":"Settimana del benessere 2026","og_description":"Tutto l&#8217;anno (2 gennaio &#8211; 6 dicembre 2026)* 7&nbsp;pernottamenti, mezza pensione compresa Camera doppia a persona CHF 1&#8217;690 Junior suite a persona ... weiterlesen","og_url":"https:\/\/fravi-hotel.ch\/it\/2025\/11\/settimana-del-benessere-2026\/","og_site_name":"Hotel Fravi Andeer GR","article_publisher":"https:\/\/www.facebook.com\/hotelfravi","article_published_time":"2025-11-23T13:13:17+00:00","article_modified_time":"2026-02-28T09:30:18+00:00","og_image":[{"width":800,"height":530,"url":"https:\/\/fravi-hotel.ch\/wp-content\/uploads\/2025\/11\/Wohlfuehlwoche-2026.jpg","type":"image\/jpeg"}],"author":"Gondini A. Fravi","twitter_card":"summary_large_image","twitter_misc":{"Scritto da":"Gondini A. Fravi","Tempo di lettura stimato":"1 minuto"},"schema":{"@context":"https:\/\/schema.org","@graph":[{"@type":"Article","@id":"https:\/\/fravi-hotel.ch\/it\/2025\/11\/settimana-del-benessere-2026\/#article","isPartOf":{"@id":"https:\/\/fravi-hotel.ch\/it\/2025\/11\/settimana-del-benessere-2026\/"},"author":{"name":"Gondini A. Fravi","@id":"https:\/\/fravi-hotel.ch\/it\/#\/schema\/person\/5d47479437b2e98389c50ad2d0bb94a9"},"headline":"Settimana del benessere 2026","datePublished":"2025-11-23T13:13:17+00:00","dateModified":"2026-02-28T09:30:18+00:00","mainEntityOfPage":{"@id":"https:\/\/fravi-hotel.ch\/it\/2025\/11\/settimana-del-benessere-2026\/"},"wordCount":85,"publisher":{"@id":"https:\/\/fravi-hotel.ch\/it\/#organization"},"image":{"@id":"https:\/\/fravi-hotel.ch\/it\/2025\/11\/settimana-del-benessere-2026\/#primaryimage"},"thumbnailUrl":"https:\/\/fravi-hotel.ch\/wp-content\/uploads\/2025\/11\/Wohlfuehlwoche-2026.jpg","articleSection":["Packages"],"inLanguage":"it-IT","copyrightYear":"2025","copyrightHolder":{"@id":"https:\/\/fravi-hotel.ch\/#organization"}},{"@type":"WebPage","@id":"https:\/\/fravi-hotel.ch\/it\/2025\/11\/settimana-del-benessere-2026\/","url":"https:\/\/fravi-hotel.ch\/it\/2025\/11\/settimana-del-benessere-2026\/","name":"Settimana del benessere 2026 | Hotel Fravi Andeer GR","isPartOf":{"@id":"https:\/\/fravi-hotel.ch\/it\/#website"},"primaryImageOfPage":{"@id":"https:\/\/fravi-hotel.ch\/it\/2025\/11\/settimana-del-benessere-2026\/#primaryimage"},"image":{"@id":"https:\/\/fravi-hotel.ch\/it\/2025\/11\/settimana-del-benessere-2026\/#primaryimage"},"thumbnailUrl":"https:\/\/fravi-hotel.ch\/wp-content\/uploads\/2025\/11\/Wohlfuehlwoche-2026.jpg","datePublished":"2025-11-23T13:13:17+00:00","dateModified":"2026-02-28T09:30:18+00:00","breadcrumb":{"@id":"https:\/\/fravi-hotel.ch\/it\/2025\/11\/settimana-del-benessere-2026\/#breadcrumb"},"inLanguage":"it-IT","potentialAction":[{"@type":"ReadAction","target":["https:\/\/fravi-hotel.ch\/it\/2025\/11\/settimana-del-benessere-2026\/"]}]},{"@type":"ImageObject","inLanguage":"it-IT","@id":"https:\/\/fravi-hotel.ch\/it\/2025\/11\/settimana-del-benessere-2026\/#primaryimage","url":"https:\/\/fravi-hotel.ch\/wp-content\/uploads\/2025\/11\/Wohlfuehlwoche-2026.jpg","contentUrl":"https:\/\/fravi-hotel.ch\/wp-content\/uploads\/2025\/11\/Wohlfuehlwoche-2026.jpg","width":800,"height":530},{"@type":"BreadcrumbList","@id":"https:\/\/fravi-hotel.ch\/it\/2025\/11\/settimana-del-benessere-2026\/#breadcrumb","itemListElement":[{"@type":"ListItem","position":1,"name":"Start","item":"https:\/\/fravi-hotel.ch\/it\/hotel-fravi\/"},{"@type":"ListItem","position":2,"name":"Settimana del benessere 2026"}]},{"@type":"WebSite","@id":"https:\/\/fravi-hotel.ch\/it\/#website","url":"https:\/\/fravi-hotel.ch\/it\/","name":"Hotel Fravi, Andeer","description":"Bade-, Kur- &amp; Ferienhotel Andeer","publisher":{"@id":"https:\/\/fravi-hotel.ch\/it\/#organization"},"alternateName":"Hotel Fravi","potentialAction":[{"@type":"SearchAction","target":{"@type":"EntryPoint","urlTemplate":"https:\/\/fravi-hotel.ch\/it\/?s={search_term_string}"},"query-input":{"@type":"PropertyValueSpecification","valueRequired":true,"valueName":"search_term_string"}}],"inLanguage":"it-IT"},{"@type":["Organization","Place"],"@id":"https:\/\/fravi-hotel.ch\/it\/#organization","name":"Hotel Fravi, Andeer","alternateName":"Hotel Fravi","url":"https:\/\/fravi-hotel.ch\/it\/","logo":{"@id":"https:\/\/fravi-hotel.ch\/it\/2025\/11\/settimana-del-benessere-2026\/#local-main-organization-logo"},"image":{"@id":"https:\/\/fravi-hotel.ch\/it\/2025\/11\/settimana-del-benessere-2026\/#local-main-organization-logo"},"sameAs":["https:\/\/www.facebook.com\/hotelfravi","https:\/\/www.instagram.com\/hotel_fravi\/#"],"telephone":[],"openingHoursSpecification":[{"@type":"OpeningHoursSpecification","dayOfWeek":["Monday","Tuesday","Wednesday","Thursday","Friday","Saturday","Sunday"],"opens":"09:00","closes":"17:00"}]},{"@type":"Person","@id":"https:\/\/fravi-hotel.ch\/it\/#\/schema\/person\/5d47479437b2e98389c50ad2d0bb94a9","name":"Gondini A. Fravi","image":{"@type":"ImageObject","inLanguage":"it-IT","@id":"https:\/\/secure.gravatar.com\/avatar\/c401896fc625f4102834e25d20fc013aace89d980e098f7d1a4e5bf2e7b65aad?s=96&d=mm&r=g","url":"https:\/\/secure.gravatar.com\/avatar\/c401896fc625f4102834e25d20fc013aace89d980e098f7d1a4e5bf2e7b65aad?s=96&d=mm&r=g","contentUrl":"https:\/\/secure.gravatar.com\/avatar\/c401896fc625f4102834e25d20fc013aace89d980e098f7d1a4e5bf2e7b65aad?s=96&d=mm&r=g","caption":"Gondini A. Fravi"},"url":"https:\/\/fravi-hotel.ch\/it\/author\/g-fravi\/"},{"@type":"ImageObject","inLanguage":"it-IT","@id":"https:\/\/fravi-hotel.ch\/it\/2025\/11\/settimana-del-benessere-2026\/#local-main-organization-logo","url":"https:\/\/fravi-hotel.ch\/wp-content\/uploads\/2020\/05\/logo_hotel-fravi.png","contentUrl":"https:\/\/fravi-hotel.ch\/wp-content\/uploads\/2020\/05\/logo_hotel-fravi.png","width":542,"height":360,"caption":"Hotel Fravi, Andeer"}]}},"uagb_featured_image_src":{"full":["https:\/\/fravi-hotel.ch\/wp-content\/uploads\/2025\/11\/Wohlfuehlwoche-2026.jpg",800,530,false],"thumbnail":["https:\/\/fravi-hotel.ch\/wp-content\/uploads\/2025\/11\/Wohlfuehlwoche-2026-200x150.jpg",200,150,true],"medium":["https:\/\/fravi-hotel.ch\/wp-content\/uploads\/2025\/11\/Wohlfuehlwoche-2026-400x265.jpg",400,265,true],"medium_large":["https:\/\/fravi-hotel.ch\/wp-content\/uploads\/2025\/11\/Wohlfuehlwoche-2026-768x509.jpg",768,509,true],"large":["https:\/\/fravi-hotel.ch\/wp-content\/uploads\/2025\/11\/Wohlfuehlwoche-2026.jpg",800,530,false],"1536x1536":["https:\/\/fravi-hotel.ch\/wp-content\/uploads\/2025\/11\/Wohlfuehlwoche-2026.jpg",800,530,false],"2048x2048":["https:\/\/fravi-hotel.ch\/wp-content\/uploads\/2025\/11\/Wohlfuehlwoche-2026.jpg",800,530,false]},"uagb_author_info":{"display_name":"Gondini A. Fravi","author_link":"https:\/\/fravi-hotel.ch\/it\/author\/g-fravi\/"},"uagb_comment_info":0,"uagb_excerpt":"Tutto l&#8217;anno (2 gennaio &#8211; 6 dicembre 2026)* 7&nbsp;pernottamenti, mezza pensione compresa Camera doppia a persona CHF 1&#8217;690 Junior suite a persona ... weiterlesen","_links":{"self":[{"href":"https:\/\/fravi-hotel.ch\/it\/wp-json\/wp\/v2\/posts\/18970","targetHints":{"allow":["GET"]}}],"collection":[{"href":"https:\/\/fravi-hotel.ch\/it\/wp-json\/wp\/v2\/posts"}],"about":[{"href":"https:\/\/fravi-hotel.ch\/it\/wp-json\/wp\/v2\/types\/post"}],"author":[{"embeddable":true,"href":"https:\/\/fravi-hotel.ch\/it\/wp-json\/wp\/v2\/users\/2"}],"replies":[{"embeddable":true,"href":"https:\/\/fravi-hotel.ch\/it\/wp-json\/wp\/v2\/comments?post=18970"}],"version-history":[{"count":7,"href":"https:\/\/fravi-hotel.ch\/it\/wp-json\/wp\/v2\/posts\/18970\/revisions"}],"predecessor-version":[{"id":20795,"href":"https:\/\/fravi-hotel.ch\/it\/wp-json\/wp\/v2\/posts\/18970\/revisions\/20795"}],"wp:featuredmedia":[{"embeddable":true,"href":"https:\/\/fravi-hotel.ch\/it\/wp-json\/wp\/v2\/media\/19047"}],"wp:attachment":[{"href":"https:\/\/fravi-hotel.ch\/it\/wp-json\/wp\/v2\/media?parent=18970"}],"wp:term":[{"taxonomy":"category","embeddable":true,"href":"https:\/\/fravi-hotel.ch\/it\/wp-json\/wp\/v2\/categories?post=18970"},{"taxonomy":"post_tag","embeddable":true,"href":"https:\/\/fravi-hotel.ch\/it\/wp-json\/wp\/v2\/tags?post=18970"}],"curies":[{"name":"wp","href":"https:\/\/api.w.org\/{rel}","templated":true}]}}